[{"@context":"https:\/\/schema.org\/","@type":"Article","@id":"https:\/\/www.edis.sk\/pristresok-ktory-bude-idealny-pre-vas-exterier\/#Article","mainEntityOfPage":"https:\/\/www.edis.sk\/pristresok-ktory-bude-idealny-pre-vas-exterier\/","headline":"Pr\u00edstre\u0161ok, ktor\u00fd bude ide\u00e1lny pre v\u00e1\u0161 exteri\u00e9r?","name":"Pr\u00edstre\u0161ok, ktor\u00fd bude ide\u00e1lny pre v\u00e1\u0161 exteri\u00e9r?","description":"Nevyspytate\u013en\u00e9 po\u010dasie m\u00f4\u017ee \u010dasto ovplyvni\u0165 aj pr\u00e1cu v z\u00e1hrade alebo rodinn\u00fa pohodu, ktor\u00fa si nedok\u00e1\u017eete jednoducho nahradi\u0165. Pr\u00e1ve preto jedom\u010dek na n\u00e1radie neodmyslite\u013enou s\u00fa\u010das\u0165ou mnoh\u00fdch exteri\u00e9rov, ocenia ho tie\u017e \u013eudia, ktor\u00ed maj\u00fa rozsiahlu z\u00e1hradu alebo sa venuj\u00fa z\u00e1hradk\u00e1rskej \u010dinnosti. Modern\u00fd pr\u00edstre\u0161ok na drevo v\u00e1m dok\u00e1\u017ee pom\u00f4c\u0165 pri zabezpe\u010den\u00ed z\u00e1hradn\u00fdch potrieb, z\u00e1hradnej techniky alebo pri uskladnen\u00ed<a class=\"moretag\" href=\"https:\/\/www.edis.sk\/pristresok-ktory-bude-idealny-pre-vas-exterier\/\"><span class=\"screen-reader-text\">P\u0159e\u010dt\u011bte si v\u00edce o Pr\u00edstre\u0161ok, ktor\u00fd bude ide\u00e1lny pre v\u00e1\u0161 exteri\u00e9r?<\/span>[...]<\/a>","datePublished":"2020-04-15","dateModified":"2024-02-20","author":{"@type":"Person","@id":"https:\/\/www.edis.sk\/author\/#Person","name":"","url":"https:\/\/www.edis.sk\/author\/","identifier":1,"image":{"@type":"ImageObject","@id":"https:\/\/secure.gravatar.com\/avatar\/020fed30ca967737eb0c640f241d660d0f18cb15fe876f045fbf23eb8510c133?s=96&d=mm&r=g","url":"https:\/\/secure.gravatar.com\/avatar\/020fed30ca967737eb0c640f241d660d0f18cb15fe876f045fbf23eb8510c133?s=96&d=mm&r=g","height":96,"width":96}},"publisher":{"@type":"Organization","name":"edis.sk","logo":{"@type":"ImageObject","@id":"\/logo.png","url":"\/logo.png","width":600,"height":60}},"image":{"@type":"ImageObject","@id":"https:\/\/www.edis.sk\/wp-content\/uploads\/img_a311523_w16735_t1587976092.jpg","url":"https:\/\/www.edis.sk\/wp-content\/uploads\/img_a311523_w16735_t1587976092.jpg","height":0,"width":0},"url":"https:\/\/www.edis.sk\/pristresok-ktory-bude-idealny-pre-vas-exterier\/","about":["V\u00fdrobky"],"wordCount":430,"articleBody":"  Nevyspytate\u013en\u00e9 po\u010dasie m\u00f4\u017ee \u010dasto ovplyvni\u0165 aj pr\u00e1cu v z\u00e1hrade alebo rodinn\u00fa pohodu, ktor\u00fa si nedok\u00e1\u017eete jednoducho nahradi\u0165. Pr\u00e1ve preto jedom\u010dek na n\u00e1radie neodmyslite\u013enou s\u00fa\u010das\u0165ou mnoh\u00fdch exteri\u00e9rov, ocenia ho tie\u017e \u013eudia, ktor\u00ed maj\u00fa rozsiahlu z\u00e1hradu alebo sa venuj\u00fa z\u00e1hradk\u00e1rskej \u010dinnosti. Modern\u00fd pr\u00edstre\u0161ok na drevo v\u00e1m dok\u00e1\u017ee pom\u00f4c\u0165 pri zabezpe\u010den\u00ed z\u00e1hradn\u00fdch potrieb, z\u00e1hradnej techniky alebo pri uskladnen\u00ed dreva na k\u00farenie. Navy\u0161e pr\u00edstre\u0161ok m\u00f4\u017ee aj v\u00fdrazne skr\u00e1\u0161li\u0165 cel\u00fa z\u00e1hradu a viac ju z\u00fatulni\u0165.   Z\u00edskan\u00fd priestor Pr\u00edstre\u0161ok na drevo v\u00e1m s\u00edce zaberie nejak\u00fd priestor na dvore, ale m\u00f4\u017ee v\u00e1m tie\u017e vytvori\u0165 tie\u0148 alebo pom\u00f4c\u0165 pri vytvoren\u00ed s\u00fakromia. K\u00farenie drevom je v\u00fdhodn\u00e9 a zvykn\u00fa ho vyu\u017e\u00edva\u0165 sk\u00f4r majitelia rodinn\u00fdch domov, ktor\u00ed si m\u00f4\u017eu dovoli\u0165 obetova\u0165 priestor na pr\u00edstre\u0161ok na drevo. V zimnom obdob\u00ed je drevo nutn\u00e9 uskladni\u0165, preto\u017ee ho nem\u00f4\u017eete necha\u0165 len tak vo\u013ene poh\u00e1dzan\u00e9 na dvore. Pri zlom uskladnen\u00ed drevo \u013eahko navlhne, kv\u00f4li \u010domu ho n\u00e1sledne nie je mo\u017en\u00e9 pou\u017ei\u0165, preto\u017ee tak pod\u013eahne plesniam. Ke\u010f\u017ee drevo potrebuje d\u00fdcha\u0165, tak je pr\u00edstre\u0161ok na drevo tou ide\u00e1lnou vo\u013ebou uskladnenia, pri\u010dom v\u00e1m nezaberie ve\u013ea miesta na z\u00e1hrade.  D\u00f4le\u017eitos\u0165 materi\u00e1lov Dom\u010dek na n\u00e1radie a taktie\u017e pr\u00edstre\u0161ky na drevo potrebuj\u00fa pevn\u00fa kon\u0161trukciu s dobr\u00fdmi z\u00e1kladmi, ktor\u00e9 v\u00e1m poskytn\u00fa celkov\u00fa oporu. Kon\u0161trukcia mus\u00ed vyhovova\u0165 podmienkam, ktor\u00e9 s\u00fa d\u00f4le\u017eit\u00e9 pre usklad\u0148ovanie dreva, aby sme sa vyhli znehodnoteniu jeho kvality a funk\u010dnosti. Pr\u00edstre\u0161ok na drevo m\u00f4\u017eete postavi\u0165 z ocele, ke\u010f\u017ee je vysoko odoln\u00e1 vo\u010di zmen\u00e1m po\u010dasia, drevu tak nehroz\u00ed \u017eiadna plese\u0148. Ak vyber\u00e1te materi\u00e1l pre dom\u010dek na n\u00e1radie, tak sa m\u00f4\u017eete dr\u017ea\u0165 pr\u00edrodn\u00fdch materi\u00e1lov, a teda rozhodn\u00fa\u0165 sa pre dreven\u00fd dom\u010dek, ktor\u00fd je v z\u00e1hrad\u00e1ch u\u017e klasikou.   V\u00fdber k priestoru V modernej ponuke n\u00e1jdete ve\u013ea pr\u00edstre\u0161kov, \u010di u\u017e montovan\u00e9 alebo tie, ktor\u00e9 si budete m\u00f4c\u0165 upravi\u0165 aj na mieru. Po\u010das leta, ak by ste u\u017e pr\u00edstre\u0161ok nepotrebovali na \u017eiadne in\u00e9 \u00fa\u010dely, tak si ho budete m\u00f4c\u0165 jednoducho rozmontova\u0165, \u010d\u00edm si u\u0161etr\u00edte aj nejak\u00fd ten priestor navy\u0161e napr\u00edklad pre auto.                                                                                                                                                                                                                                                                                                                                                                                          3.5\/5 - (8 votes)        "},{"@context":"https:\/\/schema.org\/","@type":"BreadcrumbList","itemListElement":[{"@type":"ListItem","position":1,"name":"Pr\u00edstre\u0161ok, ktor\u00fd bude ide\u00e1lny pre v\u00e1\u0161 exteri\u00e9r?","item":"https:\/\/www.edis.sk\/pristresok-ktory-bude-idealny-pre-vas-exterier\/#breadcrumbitem"}]}]