[{"@context":"https:\/\/schema.org\/","@type":"Article","@id":"https:\/\/www.edis.sk\/plusy-a-minusy-gymnazia\/#Article","mainEntityOfPage":"https:\/\/www.edis.sk\/plusy-a-minusy-gymnazia\/","headline":"Plusy a m\u00ednusy gymn\u00e1zia","name":"Plusy a m\u00ednusy gymn\u00e1zia","description":"Nebudeme pochybova\u0165 o&nbsp;tom, \u017ee niet rodi\u010da, ktor\u00fd by nemyslel na dobro svojho die\u0165a\u0165a a&nbsp;nepristupoval by teda zodpovedne s&nbsp;plnou v\u00e1\u017enos\u0165ou a&nbsp;re\u0161pektom k&nbsp;v\u00fdberu \u0161koly. Gymn\u00e1zia b\u00fdvaj\u00fa : Osemro\u010dn\u00e9 Klasick\u00e9 \u0161tvorro\u010dn\u00e9 Bilingv\u00e1lne Osemro\u010dn\u00e9 gymn\u00e1zium je formou,&nbsp; pod\u013ea m\u00f4jho n\u00e1zoru , nie pr\u00e1ve najlep\u0161ou pre die\u0165a. Na prvom stupni je m\u00e1lokedy die\u0165a vyprofilovan\u00e9 tak, \u017ee zodpovedne pre neho t\u00fato<a class=\"moretag\" href=\"https:\/\/www.edis.sk\/plusy-a-minusy-gymnazia\/\"><span class=\"screen-reader-text\">P\u0159e\u010dt\u011bte si v\u00edce o Plusy a m\u00ednusy gymn\u00e1zia<\/span>[...]<\/a>","datePublished":"2024-02-20","dateModified":"2024-02-20","author":{"@type":"Person","@id":"https:\/\/www.edis.sk\/author\/#Person","name":"","url":"https:\/\/www.edis.sk\/author\/","identifier":1,"image":{"@type":"ImageObject","@id":"https:\/\/secure.gravatar.com\/avatar\/020fed30ca967737eb0c640f241d660d0f18cb15fe876f045fbf23eb8510c133?s=96&d=mm&r=g","url":"https:\/\/secure.gravatar.com\/avatar\/020fed30ca967737eb0c640f241d660d0f18cb15fe876f045fbf23eb8510c133?s=96&d=mm&r=g","height":96,"width":96}},"publisher":{"@type":"Organization","name":"edis.sk","logo":{"@type":"ImageObject","@id":"\/logo.png","url":"\/logo.png","width":600,"height":60}},"image":{"@type":"ImageObject","@id":"https:\/\/www.edis.sk\/wp-content\/uploads\/img_a293231_w16571_t1542042660.png","url":"https:\/\/www.edis.sk\/wp-content\/uploads\/img_a293231_w16571_t1542042660.png","height":0,"width":0},"url":"https:\/\/www.edis.sk\/plusy-a-minusy-gymnazia\/","about":["Vzdelanie"],"wordCount":437,"articleBody":"Nebudeme pochybova\u0165 o&nbsp;tom, \u017ee niet rodi\u010da, ktor\u00fd by nemyslel na dobro svojho die\u0165a\u0165a a&nbsp;nepristupoval by teda zodpovedne s&nbsp;plnou v\u00e1\u017enos\u0165ou a&nbsp;re\u0161pektom k&nbsp;v\u00fdberu \u0161koly.Gymn\u00e1zia b\u00fdvaj\u00fa :\t\tOsemro\u010dn\u00e9\t\tKlasick\u00e9 \u0161tvorro\u010dn\u00e9\t\tBilingv\u00e1lneOsemro\u010dn\u00e9 gymn\u00e1zium je formou,&nbsp; pod\u013ea m\u00f4jho n\u00e1zoru , nie pr\u00e1ve najlep\u0161ou pre die\u0165a. Na prvom stupni je m\u00e1lokedy die\u0165a vyprofilovan\u00e9 tak, \u017ee zodpovedne pre neho t\u00fato formu vzdel\u00e1vania m\u00f4\u017eeme vybra\u0165. V\u0161etko m\u00e1 plusy aj m\u00ednusy.Plusy:\t\tZabezpe\u010d\u00edme die\u0165a\u0165u dobr\u00e9 vzdelanie v&nbsp;\u0161irokom spektre predmetov\t\tZabezpe\u010d\u00edme die\u0165a\u0165u mo\u017eno vhodnej\u0161\u00ed okruh spolu\u017eiakov, na rovnakej vedomostnej \u00farovni\t\tU\u017e od rann\u00e9ho veku na neho bude kladen\u00fd pocit d\u00f4le\u017eitosti a&nbsp;v\u00fdnimo\u010dnostiM\u00ednusy:\t\tDie\u0165a sa bude vzdel\u00e1va\u0165 vo ve\u013ekom mno\u017estve inform\u00e1cii, ktor\u00e9 ho nie v\u017edy musia zauj\u00edma\u0165\t\tStane sa elit\u00e1rskym\t\tAk nebude chcie\u0165 pokra\u010dova\u0165 v&nbsp;\u0161t\u00fadiu na vysokej \u0161kole, v&nbsp;tom pr\u00edpade je osem rokov pobytu&nbsp; stratou \u010dasu\t\tNie v\u017edy unesie mieru ve\u013ekej zodpovednosti a&nbsp;mieru na\u0161ich o\u010dak\u00e1van\u00ed, ktor\u00e9 do neho d\u00e1vamePodstatne lep\u0161\u00edm rie\u0161en\u00edm je klasick\u00e9 \u0161tvorro\u010dn\u00e9 gymn\u00e1zium po ukon\u010den\u00ed z\u00e1kladnej \u0161koly. Vol\u00edme ho vtedy ak :\t\tDie\u0165a sa rado u\u010d\u00ed a&nbsp;m\u00e1 z\u00e1ujem o&nbsp;v\u0161etky predmety rovnako\t\tDie\u0165a sa rado u\u010d\u00ed a&nbsp;m\u00e1 z\u00e1ujem o&nbsp;humanitn\u00e9 a&nbsp;pr\u00edrodovedn\u00e9 predmety\t\tDie\u0165a sa rado u\u010d\u00ed a&nbsp;m\u00e1 z\u00e1ujem o&nbsp;matematiku, fyziku, ale nie je a\u017e tak manu\u00e1lne zru\u010dn\u00e9, aby absolvovalo technick\u00fa \u0161kolu\t\t&nbsp;Mnohokr\u00e1t ale \u017eia\u013e sa vyber\u00e1 gymn\u00e1zium aj vtedy, ke\u010f nevieme , kam da\u0165 die\u0165a a&nbsp;rozhodnutie o&nbsp;bud\u00facom povolan\u00ed nech\u00e1vame na nesk\u00f4r.\t\tNevhodn\u00fdm je aj v\u00fdber gymn\u00e1zia iba z&nbsp;d\u00f4vodu, \u017ee to je jedin\u00e1 \u0161kola vo va\u0161om meste. Veru\u017ee, je ich ako h\u00fab po da\u017edi. Ur\u010dite viac, ako je potrebn\u00e9 a&nbsp;\u017eiaduce.V\u00fdznam bilingv\u00e1lneho gymn\u00e1zia je v&nbsp;jeho orient\u00e1cii na \u010fal\u0161ie \u0161t\u00fadium napr\u00edklad v&nbsp;zahrani\u010d\u00ed, alebo z&nbsp;d\u00f4vodu&nbsp; snahy z\u00edska\u0165 lep\u0161ie jazykov\u00e9 schopnosti.&nbsp;Ak je to len trocha mo\u017ene, volila by som odborn\u00e9 \u0161koly. Napriek tomu, alebo pr\u00e1ve preto, \u017ee som moje deti dala na gymn\u00e1zium.                                                                                                                                                                                                                                                                                                                                                                                        4.4\/5 - (8 votes)        "},{"@context":"https:\/\/schema.org\/","@type":"BreadcrumbList","itemListElement":[{"@type":"ListItem","position":1,"name":"Plusy a m\u00ednusy gymn\u00e1zia","item":"https:\/\/www.edis.sk\/plusy-a-minusy-gymnazia\/#breadcrumbitem"}]}]