[{"@context":"https:\/\/schema.org\/","@type":"Article","@id":"https:\/\/www.edis.sk\/noste-si-co-sa-vam-paci\/#Article","mainEntityOfPage":"https:\/\/www.edis.sk\/noste-si-co-sa-vam-paci\/","headline":"Noste si, \u010do sa v\u00e1m p\u00e1\u010di","name":"Noste si, \u010do sa v\u00e1m p\u00e1\u010di","description":"\u013dudia \u010dasto trpia t\u00fdm, \u017ee nemaj\u00fa ani len t\u00fa najmen\u0161iu predstavu o&nbsp;tom, \u010do by vlastne mali robi\u0165 so svoj\u00edm \u017eivotom. Je to na jednej strane naozaj zvl\u00e1\u0161tne, no na druhej strane je to aj trochu deprimuj\u00face a&nbsp;desiv\u00e9. Ako niekto nem\u00f4\u017ee vedie\u0165, \u010do by mal robi\u0165? Ve\u010f je to predsa jednoduch\u00e9, tak pre\u010do sa proste nezoberiete<a class=\"moretag\" href=\"https:\/\/www.edis.sk\/noste-si-co-sa-vam-paci\/\"><span class=\"screen-reader-text\">P\u0159e\u010dt\u011bte si v\u00edce o Noste si, \u010do sa v\u00e1m p\u00e1\u010di<\/span>[...]<\/a>","datePublished":"2024-02-20","dateModified":"2024-02-20","author":{"@type":"Person","@id":"https:\/\/www.edis.sk\/author\/#Person","name":"","url":"https:\/\/www.edis.sk\/author\/","identifier":1,"image":{"@type":"ImageObject","@id":"https:\/\/secure.gravatar.com\/avatar\/020fed30ca967737eb0c640f241d660d0f18cb15fe876f045fbf23eb8510c133?s=96&d=mm&r=g","url":"https:\/\/secure.gravatar.com\/avatar\/020fed30ca967737eb0c640f241d660d0f18cb15fe876f045fbf23eb8510c133?s=96&d=mm&r=g","height":96,"width":96}},"publisher":{"@type":"Organization","name":"edis.sk","logo":{"@type":"ImageObject","@id":"\/logo.png","url":"\/logo.png","width":600,"height":60}},"image":{"@type":"ImageObject","@id":"https:\/\/www.edis.sk\/wp-content\/uploads\/img_a290663_w16571_t1535991690.jpg","url":"https:\/\/www.edis.sk\/wp-content\/uploads\/img_a290663_w16571_t1535991690.jpg","height":0,"width":0},"url":"https:\/\/www.edis.sk\/noste-si-co-sa-vam-paci\/","about":["M\u00f3da"],"wordCount":438,"articleBody":"\u013dudia \u010dasto trpia t\u00fdm, \u017ee nemaj\u00fa ani len t\u00fa najmen\u0161iu predstavu o&nbsp;tom, \u010do by vlastne mali robi\u0165 so svoj\u00edm \u017eivotom. Je to na jednej strane naozaj zvl\u00e1\u0161tne, no na druhej strane je to aj trochu deprimuj\u00face a&nbsp;desiv\u00e9. Ako niekto nem\u00f4\u017ee vedie\u0165, \u010do by mal robi\u0165? Ve\u010f je to predsa jednoduch\u00e9, tak pre\u010do sa proste nezoberiete a&nbsp;neurob\u00edte to? Potom s\u00fa tu v\u0161ak aj druh\u00ed \u013eudia, ktor\u00ed ve\u013emi dobre vedia, \u010do by mali robi\u0165 a&nbsp;ako by mali robi\u0165, ale jednoducho to neurobia a&nbsp;z&nbsp;r\u00f4znych d\u00f4vodov. Najlep\u0161ie s\u00fa v\u0161ak ur\u010dite v\u00fdhovorky. Ak ide o&nbsp;tieto veci, v&nbsp;tomto sme my \u013eudia jednozna\u010dne majstri.&nbsp;V\u017edy za\u010dnite od seba&nbsp;\u010ci u\u017e sa tomu br\u00e1nime, alebo nie, pravdou v\u017edy zost\u00e1va, \u017ee sme jednoducho \u013eudia, ktor\u00ed radi druh\u00fdch zo v\u0161etk\u00e9ho obvi\u0148uj\u00fa. Odsudzujeme v\u0161etko, \u010do sa n\u00e1m dostane pod ruku. A&nbsp;to napr\u00edklad aj m\u00f3du, aj ke\u010f ne\u017eijeme v&nbsp;socializme a&nbsp;m\u00f4\u017eeme nosi\u0165, \u010do len chceme (lebo presne to je teraz modern\u00e9). Ko\u013ekokr\u00e1t sa v\u00e1m stalo, \u017ee si v\u00e1s \u017eena obzerala od hlavy a\u017e po p\u00e4ty a&nbsp;kr\u00fatila nad vami hlavou? Asi je jasn\u00e9, \u017ee to nie je nie\u010do, \u010do by ste videli radi. Ale mus\u00edte si uvedomi\u0165, \u017ee to predsa len st\u00e1le nie je probl\u00e9m, ktor\u00fd by v\u00e1s mal nejak\u00fdm sp\u00f4sobom potopi\u0165. Ke\u010f raz m\u00e1te svoj vlastn\u00fd \u0161t\u00fdl, ur\u010dite by ste nikoho nemali necha\u0165, aby v\u00e1m do toho nie\u010do rozpr\u00e1val.&nbsp;V\u00e1\u0161 \u0161t\u00fdl, va\u0161e pravidl\u00e1&nbsp;Na\u0161\u0165astie (a pre niektor\u00fdch nane\u0161\u0165astie) \u017eijeme v&nbsp;dobe, kedy m\u00f4\u017ee ka\u017ed\u00fd skuto\u010dne nosi\u0165 v\u0161etko, \u010do sa mu p\u00e1\u010di. To v\u0161ak neodmyslite\u013ene znamen\u00e1 aj to, \u017ee ke\u010f si na seba zoberiete nie\u010do odv\u00e1\u017ene, naozaj sa m\u00f4\u017eete stretn\u00fa\u0165 s&nbsp;opovrhnut\u00edm a&nbsp;s t\u00fdm, \u017ee sa to proste \u013eu\u010fom okolo v\u00e1s p\u00e1\u010di\u0165 nebude, aj keby ste sa ve\u013emi sna\u017eili. Nie je to ni\u010d, za \u010do by ste sa mali hanbi\u0165. Ale je to skuto\u010dnos\u0165, ktor\u00fa mus\u00edte prija\u0165, ak chcete, aby bolo v\u0161etko v&nbsp;poriadku. Nebojte sa prejavi\u0165 pomocou m\u00f3dy. Ale nebojte sa potom za t\u00fdm aj st\u00e1\u0165 a&nbsp;veri\u0165 tomu, \u010do ste urobili. Je to d\u00f4le\u017eit\u00e9.                                                                                                                                                                                                                                                                                                                                                                                        3.6\/5 - (5 votes)        "},{"@context":"https:\/\/schema.org\/","@type":"BreadcrumbList","itemListElement":[{"@type":"ListItem","position":1,"name":"Noste si, \u010do sa v\u00e1m p\u00e1\u010di","item":"https:\/\/www.edis.sk\/noste-si-co-sa-vam-paci\/#breadcrumbitem"}]}]