[{"@context":"https:\/\/schema.org\/","@type":"Article","@id":"https:\/\/www.edis.sk\/cestovanie-je-vasen\/#Article","mainEntityOfPage":"https:\/\/www.edis.sk\/cestovanie-je-vasen\/","headline":"Cestovanie je v\u00e1\u0161e\u0148","name":"Cestovanie je v\u00e1\u0161e\u0148","description":"Cestovanie nemus\u00ed by\u0165 toti\u017e len otrava. M\u00f4\u017ee to by\u0165 pr\u00edle\u017eitos\u0165. Pr\u00edle\u017eitos\u0165 na svoj \u010das, na svoje vlastn\u00e9 my\u0161lienky. Len tak si bl\u00fadi\u0165 svojimi my\u0161lienkov\u00fdmi pochodmi a&nbsp;necha\u0165 sa un\u00e1\u0161a\u0165 svojim svetom. Rozm\u00fd\u0161\u013ea\u0165 nad t\u00fdm, \u010do si tak myslia ostatn\u00ed \u013eudia, \u010do sa im hon\u00ed hlavou.. Ka\u017ed\u00fd m\u00e1 svoje vlastn\u00e9 starosti. Niekto rozm\u00fd\u0161\u013ea nad t\u00fdm, \u010do nak\u00fapi..<a class=\"moretag\" href=\"https:\/\/www.edis.sk\/cestovanie-je-vasen\/\"><span class=\"screen-reader-text\">P\u0159e\u010dt\u011bte si v\u00edce o Cestovanie je v\u00e1\u0161e\u0148<\/span>[...]<\/a>","datePublished":"2024-02-20","dateModified":"2024-02-20","author":{"@type":"Person","@id":"https:\/\/www.edis.sk\/author\/#Person","name":"","url":"https:\/\/www.edis.sk\/author\/","identifier":1,"image":{"@type":"ImageObject","@id":"https:\/\/secure.gravatar.com\/avatar\/020fed30ca967737eb0c640f241d660d0f18cb15fe876f045fbf23eb8510c133?s=96&d=mm&r=g","url":"https:\/\/secure.gravatar.com\/avatar\/020fed30ca967737eb0c640f241d660d0f18cb15fe876f045fbf23eb8510c133?s=96&d=mm&r=g","height":96,"width":96}},"publisher":{"@type":"Organization","name":"edis.sk","logo":{"@type":"ImageObject","@id":"\/logo.png","url":"\/logo.png","width":600,"height":60}},"image":{"@type":"ImageObject","@id":"https:\/\/www.edis.sk\/wp-content\/uploads\/img_a300477_w16571_t1557594807.jpg","url":"https:\/\/www.edis.sk\/wp-content\/uploads\/img_a300477_w16571_t1557594807.jpg","height":0,"width":0},"url":"https:\/\/www.edis.sk\/cestovanie-je-vasen\/","about":["Podnikanie"],"wordCount":417,"articleBody":"Cestovanie nemus\u00ed by\u0165 toti\u017e len otrava. M\u00f4\u017ee to by\u0165 pr\u00edle\u017eitos\u0165. Pr\u00edle\u017eitos\u0165 na svoj \u010das, na svoje vlastn\u00e9 my\u0161lienky. Len tak si bl\u00fadi\u0165 svojimi my\u0161lienkov\u00fdmi pochodmi a&nbsp;necha\u0165 sa un\u00e1\u0161a\u0165 svojim svetom. Rozm\u00fd\u0161\u013ea\u0165 nad t\u00fdm, \u010do si tak myslia ostatn\u00ed \u013eudia, \u010do sa im hon\u00ed hlavou.. Ka\u017ed\u00fd m\u00e1 svoje vlastn\u00e9 starosti. Niekto rozm\u00fd\u0161\u013ea nad t\u00fdm, \u010do nak\u00fapi.. niekto prem\u00fd\u0161\u013ea nad t\u00fdm, \u010do bude robi\u0165.. Ka\u017ed\u00fd m\u00e1 tie svoje vlastn\u00e9 my\u0161lienky a&nbsp;starosti, ktor\u00fdmi sa zaober\u00e1.A&nbsp;pr\u00e1ve toto m\u00e1m na cestovan\u00ed naozaj ve\u013emi rada. Keby sa tak mohlo sta\u0165 va\u0161\u00edm podnikan\u00edm bol by to priam \u017eiv\u00fd sen.Je to m\u00f4j vlastn\u00fd \u00fanik do vlastn\u00fdch my\u0161lienok a&nbsp;svojho sveta. Len m\u00f4j k\u00fasok z&nbsp;cel\u00e9ho obrovsk\u00e9ho sveta. Tento moment patr\u00ed len mne a&nbsp;mojim my\u0161lienkam. Ot\u00e1zkou zost\u00e1va, \u010di je to v\u00fdhoda alebo nev\u00fdhoda, \u017ee vo\u013eakedy sa \u013eudia pri cestovan\u00ed rozpr\u00e1vali. Mali sa o&nbsp;\u010dom. Dnes maj\u00fa to\u013eko starost\u00ed, \u017ee nemaj\u00fa \u010das rozm\u00fd\u0161\u013ea\u0165 nad rozhovorom s&nbsp;niek\u00fdm in\u00fdm. S\u00fa zaujat\u00ed sami sebou a&nbsp;svojim vlastn\u00fdm svetom. A&nbsp;mo\u017eno je to aj dobre. M\u00e1me \u010das sa venova\u0165 svojim my\u0161lienkam. Niekto by tento moment nazval medit\u00e1ciou. No, n\u00e1m veriacim sa otv\u00e1ra no\u017e\u00edk vo va\u010dku. Naz\u00fdva\u0165 oby\u010dajn\u00e9 prem\u00fd\u0161\u013eanie nejakou bezduchou medit\u00e1ciou.. No neviem, raz tomu neviem pr\u00eds\u0165 na k\u013ab.Tak, \u010do p\u00f4jdete aj vy niekam na cestu? Tak\u00e9 dobrodru\u017estvo. Len tak si sadn\u00fa\u0165 a&nbsp;cestova\u0165 nevedno kam. Vyst\u00fapi\u0165 tam, kde sa n\u00e1m zap\u00e1\u010di. To by sa mi naozaj p\u00e1\u010dilo. Tak\u00fd vo\u013enomy\u0161lienk\u00e1rsky \u0161t\u00fdl. Nemyslie\u0165 na ni\u010d a&nbsp;\u00faplne sa odreagova\u0165. Jedinou staros\u0165ou by bolo sa postara\u0165 o&nbsp;sam\u00fdch seba. Hoci to bolo v&nbsp;minulosti naj\u0165a\u017e\u0161ie, dnes je to najmenej, \u010do m\u00f4\u017eeme urobi\u0165 pre seba.Tak\u017ee prich\u00e1dzame k&nbsp;z\u00e1veru, \u017ee cestovanie v\u00f4bec nemus\u00ed by\u0165 iba nechutn\u00fdm otravn\u00fdm \u010dasom, ktor\u00fd mus\u00edme nutne str\u00e1vi\u0165. Vie to by\u0165 rados\u0165 z&nbsp;oddychu, \u010das pre svoje my\u0161lienky a&nbsp;\u010das len a&nbsp;len pre v\u00e1s. A&nbsp;\u010das m\u00e1 dnes pomaly hodnotu zlata. Zamyslite sa nad t\u00fdm&#8230;                                                                                                                                                                                                                                                                                                                                                                                        4.3\/5 - (6 votes)        "},{"@context":"https:\/\/schema.org\/","@type":"BreadcrumbList","itemListElement":[{"@type":"ListItem","position":1,"name":"Cestovanie je v\u00e1\u0161e\u0148","item":"https:\/\/www.edis.sk\/cestovanie-je-vasen\/#breadcrumbitem"}]}]